{"id":1364,"date":"2025-04-29T11:22:22","date_gmt":"2025-04-29T09:22:22","guid":{"rendered":"https:\/\/sit.skarzysko.pl\/?p=1364"},"modified":"2025-04-29T11:22:22","modified_gmt":"2025-04-29T09:22:22","slug":"nabor-na-wyjazdowa-misje-gospodarcza-dla-firm-z-woj-swietokrzyskiego-na-targi-technologiczne-web-summit-lizbona-2025","status":"publish","type":"post","link":"https:\/\/sit.skarzysko.pl\/index.php\/2025\/04\/29\/nabor-na-wyjazdowa-misje-gospodarcza-dla-firm-z-woj-swietokrzyskiego-na-targi-technologiczne-web-summit-lizbona-2025\/","title":{"rendered":"Nab\u00f3r na wyjazdow\u0105 misj\u0119 gospodarcz\u0105 dla firm z woj. \u015bwi\u0119tokrzyskiego na targi technologiczne WEB SUMMIT LIZBONA 2025"},"content":{"rendered":"<p>Artyku\u0142 przeczytasz w 1 minut\u0119.<\/p>\n<p><strong>Wojew\u00f3dztwo \u015bwi\u0119tokrzyskie og\u0142asza nab\u00f3r na wyjazdow\u0105 misj\u0119 gospodarcz\u0105 wraz z organizacj\u0105 wsp\u00f3lnej powierzchni wystawienniczej na targach technologicznych WEB SUMMIT LIZBONA 2025. Termin nadsy\u0142ania wniosk\u00f3w od 10 kwietnia do 10 maja 2025 r.<\/strong><\/p>\n<p>Wojew\u00f3dztwo \u015awi\u0119tokrzyskie og\u0142asza nab\u00f3r wniosk\u00f3w dla przedsi\u0119biorc\u00f3w z wojew\u00f3dztwa \u015bwi\u0119tokrzyskiego (7 miejsc,) dzia\u0142aj\u0105cych\u00a0 w sektorze technologii informacyjno-komunikacyjnej w wyjazdowej misji gospodarczej na targi WEB SUMMIT \u00a02025 w Lizbonie, w terminie 10-14 listopada 2025 r.\u00a0<strong>W ramach dofinansowania pomocy de minimis 100% uczestnictwa w misji. Organizator dla jednego uczestnika, pokrywa wysoko\u015b\u0107 koszt\u00f3w tj. m.in.: wyjazd i powr\u00f3t z Lizbony (transport lotniczy), zakwaterowanie w hotelu, wy\u017cywienie, przejazdy lokalne (hotel \u2013 targi), bilety wst\u0119pu na targi, ubezpieczenie zdrowotne na czas wyjazdu oraz koszt organizacji wsp\u00f3lnej powierzchni wystawienniczej dla przedsi\u0119biorc\u00f3w.<\/strong><\/p>\n<p>Wyjazdowa misja gospodarcza organizowana jest przez Oddzia\u0142 Wsp\u00f3\u0142pracy Gospodarczej i Projekt\u00f3w Europejskich Departamentu Rozwoju Urz\u0119du Marsza\u0142kowskiego Wojew\u00f3dztwa \u015awi\u0119tokrzyskiego. W misji mog\u0105 wzi\u0105\u0107 udzia\u0142 wy\u0142\u0105cznie przedsi\u0119biorcy, kt\u00f3rzy spe\u0142ni\u0105 warunki, okre\u015blone w formularzu zg\u0142oszeniowym (Kryteria formalne\/ wej\u015bcia).<\/p>\n<p><strong>Przewidywana liczba miejsc: 7 przedsi\u0119biorc\u00f3w &#8211; maksymalnie jeden przedstawiciel\u00a0<\/strong><strong>z jednego przedsi\u0119biorstwa.<\/strong><\/p>\n<p><strong>Termin nadsy\u0142ania wniosk\u00f3w: 10 kwietnia 2025 r. \u2013 10 maja 2025 r.<\/strong><\/p>\n<p>Wype\u0142nione i podpisane wnioski nale\u017cy sk\u0142ada\u0107 osobi\u015bcie w sekretariacie Departamentu Rozwoju Regionalnego \u2013 Kielce, ul. IX Wiek\u00f3w Kielc 4 lub przes\u0142a\u0107: tradycyjn\u0105 drog\u0105 pocztow\u0105 (decyduje data wp\u0142ywu) lub e-mailow\u0105 &#8211; skan na adres elektroniczny pracownika Departamentu Rozwoju Regionalnego:<\/p>\n<p><a href=\"mailto:lukasz.masternak@sejmik.kielce.pl\">biznes@sejmik.kielce.pl<\/a>\u00a0\u00a0w tytule e-maila:\u00a0<strong>Wyjazdowa misja gospodarcza na targi WEB SUMMIT 2025<\/strong><\/p>\n<p><strong>Osoby do kontaktu:<\/strong><\/p>\n<p>Kamila Grzesik, Tomasz St\u0119pniewski<\/p>\n<p>tel.\u00a0<a href=\"tel:+48413951454\">41\u00a0395 14 54<\/a>,\u00a0<a href=\"tel:+48413951409\">41\u00a0395 14 09<\/a><\/p>\n<p>&nbsp;<\/p>\n<p>Tekst za: UMW\u015a Kielce.<\/p>\n","protected":false},"excerpt":{"rendered":"<p>Artyku\u0142 przeczytasz w 1 minut\u0119. Wojew\u00f3dztwo \u015bwi\u0119tokrzyskie og\u0142asza nab\u00f3r na wyjazdow\u0105 misj\u0119 gospodarcz\u0105 wraz z organizacj\u0105 wsp\u00f3lnej powierzchni wystawienniczej na targach technologicznych WEB SUMMIT LIZBONA 2025. Termin nadsy\u0142ania wniosk\u00f3w od 10 kwietnia do 10 maja 2025 r. Wojew\u00f3dztwo \u015awi\u0119tokrzyskie og\u0142asza nab\u00f3r wniosk\u00f3w dla przedsi\u0119biorc\u00f3w z wojew\u00f3dztwa \u015bwi\u0119tokrzyskiego (7 miejsc,) dzia\u0142aj\u0105cych\u00a0 w sektorze technologii informacyjno-komunikacyjnej w [&hellip;]<\/p>\n","protected":false},"author":3,"featured_media":0,"comment_status":"closed","ping_status":"closed","sticky":false,"template":"","format":"standard","meta":{"footnotes":""},"categories":[10],"tags":[169,144,139,170],"class_list":["post-1364","post","type-post","status-publish","format-standard","hentry","category-aktualnosci","tag-lizbona","tag-misja-gospodarcza","tag-umws","tag-web-summit"],"_links":{"self":[{"href":"https:\/\/sit.skarzysko.pl\/index.php\/wp-json\/wp\/v2\/posts\/1364"}],"collection":[{"href":"https:\/\/sit.skarzysko.pl\/index.php\/wp-json\/wp\/v2\/posts"}],"about":[{"href":"https:\/\/sit.skarzysko.pl\/index.php\/wp-json\/wp\/v2\/types\/post"}],"author":[{"embeddable":true,"href":"https:\/\/sit.skarzysko.pl\/index.php\/wp-json\/wp\/v2\/users\/3"}],"replies":[{"embeddable":true,"href":"https:\/\/sit.skarzysko.pl\/index.php\/wp-json\/wp\/v2\/comments?post=1364"}],"version-history":[{"count":1,"href":"https:\/\/sit.skarzysko.pl\/index.php\/wp-json\/wp\/v2\/posts\/1364\/revisions"}],"predecessor-version":[{"id":1365,"href":"https:\/\/sit.skarzysko.pl\/index.php\/wp-json\/wp\/v2\/posts\/1364\/revisions\/1365"}],"wp:attachment":[{"href":"https:\/\/sit.skarzysko.pl\/index.php\/wp-json\/wp\/v2\/media?parent=1364"}],"wp:term":[{"taxonomy":"category","embeddable":true,"href":"https:\/\/sit.skarzysko.pl\/index.php\/wp-json\/wp\/v2\/categories?post=1364"},{"taxonomy":"post_tag","embeddable":true,"href":"https:\/\/sit.skarzysko.pl\/index.php\/wp-json\/wp\/v2\/tags?post=1364"}],"curies":[{"name":"wp","href":"https:\/\/api.w.org\/{rel}","templated":true}]}}