{"id":1362,"date":"2025-04-25T08:31:48","date_gmt":"2025-04-25T06:31:48","guid":{"rendered":"https:\/\/sit.skarzysko.pl\/?p=1362"},"modified":"2025-04-28T12:55:24","modified_gmt":"2025-04-28T10:55:24","slug":"ii-nabor-dla-przedsiebiorstw-organizowany-przez-wojewodzki-urzad-pracy-w-kielcach","status":"publish","type":"post","link":"https:\/\/sit.skarzysko.pl\/index.php\/2025\/04\/25\/ii-nabor-dla-przedsiebiorstw-organizowany-przez-wojewodzki-urzad-pracy-w-kielcach\/","title":{"rendered":"II nab\u00f3r dla przedsi\u0119biorstw organizowany przez Wojew\u00f3dzki Urz\u0105d Pracy w Kielcach"},"content":{"rendered":"<p>Artyku\u0142 przeczytasz w 1 minut\u0119.<\/p>\n<p>Wojew\u00f3dzki Urz\u0105d Pracy w Kielcach organizuje II nab\u00f3r dla przedsi\u0119biorstw z wojew\u00f3dztwa \u015bwi\u0119tokrzyskiego na udzia\u0142 w cyklu wizyt edukacyjnych, kt\u00f3re b\u0119d\u0105 dostosowane do specyfiki bran\u017cowej firmy oraz potrzeb jej pracownik\u00f3w.<\/p>\n<p>Dzia\u0142anie to realizowane jest w ramach projektu \u201eZbudowanie systemu koordynacji i monitorowania regionalnych dzia\u0142a\u0144 na rzecz kszta\u0142cenia zawodowego, szkolnictwa wy\u017cszego oraz uczenia si\u0119 przez ca\u0142e \u017cycie\u201d, podzadanie 2.1.2.<\/p>\n<p>Do udzia\u0142u w wizytach edukacyjnych zapraszane s\u0105 przedsi\u0119biorstwa z wojew\u00f3dztwa \u015bwi\u0119tokrzyskiego, kt\u00f3re prowadz\u0105 dzia\u0142alno\u015b\u0107 w bran\u017cach uznawanych za kluczowe dla rozwoju regionu, zgodnie z Regionaln\u0105 Strategi\u0105 Innowacji Wojew\u00f3dztwa \u015awi\u0119tokrzyskiego 2030+:<\/p>\n<p>&#8211; Bran\u017ca metalowo-odlewnicza,<br \/>\n&#8211; Zasobooszcz\u0119dne budownictwo,<br \/>\n&#8211; Turystyka zdrowotna,<br \/>\n&#8211; Nowoczesne rolnictwo i przetw\u00f3rstwo rolno-spo\u017cywcze.<\/p>\n<p><b>Zg\u0142oszenia do udzia\u0142u w projekcie nale\u017cy przesy\u0142a\u0107 do dnia 28 kwietnia 2025 roku.<\/b> W tym celu nale\u017cy wype\u0142ni\u0107 i podpisa\u0107 formularz zg\u0142oszeniowy, a nast\u0119pnie dostarczy\u0107 go drog\u0105 elektroniczn\u0105 na adres e-mail: <a class=\"moz-txt-link-abbreviated\" href=\"mailto:wup@wup.kielce.pl\">wup@wup.kielce.pl<\/a>.<br \/>\nRegulamin naboru dost\u0119pny jest na stronie: <a class=\"moz-txt-link-freetext\" href=\"https:\/\/wupkielce.praca.gov.pl\/-\/wizyty-edukacyjne-ii-nabor\">https:\/\/wupkielce.praca.gov.pl\/-\/wizyty-edukacyjne-ii-nabor<\/a><\/p>\n","protected":false},"excerpt":{"rendered":"<p>Artyku\u0142 przeczytasz w 1 minut\u0119. Wojew\u00f3dzki Urz\u0105d Pracy w Kielcach organizuje II nab\u00f3r dla przedsi\u0119biorstw z wojew\u00f3dztwa \u015bwi\u0119tokrzyskiego na udzia\u0142 w cyklu wizyt edukacyjnych, kt\u00f3re b\u0119d\u0105 dostosowane do specyfiki bran\u017cowej firmy oraz potrzeb jej pracownik\u00f3w. Dzia\u0142anie to realizowane jest w ramach projektu \u201eZbudowanie systemu koordynacji i monitorowania regionalnych dzia\u0142a\u0144 na rzecz kszta\u0142cenia zawodowego, szkolnictwa wy\u017cszego [&hellip;]<\/p>\n","protected":false},"author":3,"featured_media":0,"comment_status":"closed","ping_status":"closed","sticky":false,"template":"","format":"standard","meta":{"footnotes":""},"categories":[10],"tags":[35,22,168,15,167],"class_list":["post-1362","post","type-post","status-publish","format-standard","hentry","category-aktualnosci","tag-nabor","tag-przedsiebiorca","tag-wizyta-studyjna","tag-wspolpraca","tag-wup-msp"],"_links":{"self":[{"href":"https:\/\/sit.skarzysko.pl\/index.php\/wp-json\/wp\/v2\/posts\/1362"}],"collection":[{"href":"https:\/\/sit.skarzysko.pl\/index.php\/wp-json\/wp\/v2\/posts"}],"about":[{"href":"https:\/\/sit.skarzysko.pl\/index.php\/wp-json\/wp\/v2\/types\/post"}],"author":[{"embeddable":true,"href":"https:\/\/sit.skarzysko.pl\/index.php\/wp-json\/wp\/v2\/users\/3"}],"replies":[{"embeddable":true,"href":"https:\/\/sit.skarzysko.pl\/index.php\/wp-json\/wp\/v2\/comments?post=1362"}],"version-history":[{"count":1,"href":"https:\/\/sit.skarzysko.pl\/index.php\/wp-json\/wp\/v2\/posts\/1362\/revisions"}],"predecessor-version":[{"id":1363,"href":"https:\/\/sit.skarzysko.pl\/index.php\/wp-json\/wp\/v2\/posts\/1362\/revisions\/1363"}],"wp:attachment":[{"href":"https:\/\/sit.skarzysko.pl\/index.php\/wp-json\/wp\/v2\/media?parent=1362"}],"wp:term":[{"taxonomy":"category","embeddable":true,"href":"https:\/\/sit.skarzysko.pl\/index.php\/wp-json\/wp\/v2\/categories?post=1362"},{"taxonomy":"post_tag","embeddable":true,"href":"https:\/\/sit.skarzysko.pl\/index.php\/wp-json\/wp\/v2\/tags?post=1362"}],"curies":[{"name":"wp","href":"https:\/\/api.w.org\/{rel}","templated":true}]}}