{"id":1354,"date":"2025-04-28T12:20:44","date_gmt":"2025-04-28T10:20:44","guid":{"rendered":"https:\/\/sit.skarzysko.pl\/?p=1354"},"modified":"2025-04-29T11:29:12","modified_gmt":"2025-04-29T09:29:12","slug":"1354","status":"publish","type":"post","link":"https:\/\/sit.skarzysko.pl\/index.php\/2025\/04\/28\/1354\/","title":{"rendered":"Targi Kielce i Gmina Skar\u017cysko-Kamienna &#8211; wsp\u00f3\u0142praca z korzy\u015bci\u0105 dla przedsi\u0119biorc\u00f3w"},"content":{"rendered":"<p>Artyku\u0142 przeczytasz w 2 minuty.<\/p>\n<p>&nbsp;<\/p>\n<p data-swp-font-size=\"16px\"><strong>Przedsi\u0119biorcy ze Skar\u017cyska-Kamiennej b\u0119d\u0105 mogli bra\u0107 udzia\u0142 w bran\u017cowych wydarzeniach organizowanych przez Targi Kielce, wynajmuj\u0105c powierzchni\u0119 wystawiennicz\u0105 ze znaczn\u0105, bo 30-procentow\u0105 bonifikat\u0105. To efekt wsp\u00f3\u0142pracy pomi\u0119dzy Gmin\u0105 Skar\u017cysko-Kamienna a kieleckim o\u015brodkiem targowym.<\/strong><\/p>\n<p data-swp-font-size=\"16px\">Wsp\u00f3\u0142praca zosta\u0142a przypiecz\u0119towana porozumieniem, kt\u00f3re 1 kwietnia uroczy\u015bcie podpisali: Prezydent Skar\u017cyska-Kamiennej Arkadiusz Bogucki, Prezes Zarz\u0105du Targi Kielce S.A. Andrzej Mocho\u0144 oraz Dyrektor Wydzia\u0142u Targ\u00f3w Arkadiusz Krzeczkowski.<\/p>\n<p data-swp-font-size=\"16px\">Na mocy zawartej umowy przedsi\u0119biorcy rekomendowani przez Gmin\u0119 Skar\u017cysko-Kamienna b\u0119d\u0105 mogli \u2013 w miar\u0119 dost\u0119pno\u015bci wolnej przestrzeni \u2013 skorzysta\u0107 z powierzchni wystawienniczej podczas wydarze\u0144 targowych, wystawienniczych i gospodarczych. Bonifikata wyniesie do 30% wzgl\u0119dem standardowego cennika obowi\u0105zuj\u0105cego dla danego wydarzenia. Na jeszcze wi\u0119ksz\u0105 zni\u017ck\u0119, bo a\u017c 50%, mo\u017ce liczy\u0107 samo miasto.<\/p>\n<p data-swp-font-size=\"16px\">\u2013 Dzi\u0119ki wsp\u00f3\u0142pracy z Targami Kielce jako miasto mo\u017cemy wspiera\u0107 naszych lokalnych przedsi\u0119biorc\u00f3w. B\u0119d\u0105 oni mieli wi\u0119ksz\u0105 mo\u017cliwo\u015b\u0107 zaprezentowania i promowania swoich us\u0142ug oraz produkt\u00f3w podczas r\u00f3\u017cnorodnych wydarze\u0144 targowych, kt\u00f3re przyci\u0105gaj\u0105 firmy i klient\u00f3w z Polski, Europy i \u015bwiata. Licz\u0119, \u017ce nasi przedsi\u0119biorcy ch\u0119tnie skorzystaj\u0105 z tej mo\u017cliwo\u015bci \u2013 m\u00f3wi\u0142 Prezydent Skar\u017cyska-Kamiennej Arkadiusz Bogucki.<\/p>\n<p data-swp-font-size=\"16px\">Prezes Targ\u00f3w Kielce Andrzej Mocho\u0144 r\u00f3wnie\u017c zach\u0119ca\u0142 przedsi\u0119biorc\u00f3w do korzystania z tej wsp\u00f3\u0142pracy i udzia\u0142u w organizowanych wydarzeniach. A tych w kieleckim o\u015brodku nie brakuje \u2013 ka\u017cdego roku odbywa si\u0119 tu kilkadziesi\u0105t targ\u00f3w oraz kilkaset konferencji, seminari\u00f3w i kongres\u00f3w.<\/p>\n<p data-swp-font-size=\"16px\">Targi Kielce zajmuj\u0105 drug\u0105 pozycj\u0119 w\u015br\u00f3d organizator\u00f3w wystaw w Europie \u015arodkowo-Wschodniej pod wzgl\u0119dem liczby wystawc\u00f3w oraz wynaj\u0119tej powierzchni.<\/p>\n<p data-swp-font-size=\"16px\">Do najwa\u017cniejszych wydarze\u0144 w kalendarzu Targ\u00f3w Kielce nale\u017c\u0105 m.in.:<\/p>\n<ul>\n<li data-swp-font-size=\"16px\">MSPO \u2013 trzecie co do wielko\u015bci targi przemys\u0142u obronnego w Europie,<\/li>\n<li data-swp-font-size=\"16px\">PLASTPOL \u2013 najbardziej mi\u0119dzynarodowe targi w Polsce,<\/li>\n<li data-swp-font-size=\"16px\">SACROEXPO \u2013 najwi\u0119ksze targi sakralne w Europie,<\/li>\n<li data-swp-font-size=\"16px\">AGROTECH \u2013 najch\u0119tniej odwiedzane targi rolnicze,<\/li>\n<li data-swp-font-size=\"16px\">ENEX \u2013 rekordowa w ostatnich latach wystawa po\u015bwi\u0119cona odnawialnym \u017ar\u00f3d\u0142om energii,<\/li>\n<li data-swp-font-size=\"16px\">DACH FORUM \u2013 wydarzenie skierowane do cie\u015bli i blacharzy,<\/li>\n<li data-swp-font-size=\"16px\">POLSECURE \u2013 targi dedykowane s\u0142u\u017cbom mundurowym.<\/li>\n<\/ul>\n<p data-swp-font-size=\"16px\">Wiele z nich to najwi\u0119ksze tego typu wydarzenia w Polsce, licz\u0105ce si\u0119 tak\u017ce na europejskim i \u015bwiatowym rynku. Tylko w 2024 roku wydarzenia organizowane w Targach Kielce przyci\u0105gn\u0119\u0142y ponad 336\u00a0000 zwiedzaj\u0105cych i go\u015bci oraz oko\u0142o 6 000 wystawc\u00f3w. Obecnie Targi Kielce dysponuj\u0105 91 000 m\u00b2 powierzchni wystawienniczej, w tym 37 000 m\u00b2 w siedmiu pawilonach wystawienniczych z nowoczesn\u0105 infrastruktur\u0105 oraz 2000 m\u00b2 w Centrum Kongresowym. \u0141\u0105czna powierzchnia wystawiennicza ju\u017c w 2026 roku wzro\u015bnie do ponad 104\u00a0000 m\u00b2 \u2013 Targi Kielce rozpocz\u0119\u0142y swoj\u0105 priorytetow\u0105 obecnie inwestycj\u0119, czyli budow\u0119 nowej hali wystawienniczej.<\/p>\n<p data-swp-font-size=\"16px\"><img fetchpriority=\"high\" decoding=\"async\" class=\"alignnone size-full wp-image-1355\" src=\"http:\/\/sit.skarzysko.pl\/wp-content\/uploads\/2025\/04\/03-768x576-1.jpg\" alt=\"\" width=\"768\" height=\"576\" srcset=\"https:\/\/sit.skarzysko.pl\/wp-content\/uploads\/2025\/04\/03-768x576-1.jpg 768w, https:\/\/sit.skarzysko.pl\/wp-content\/uploads\/2025\/04\/03-768x576-1-300x225.jpg 300w\" sizes=\"(max-width: 768px) 100vw, 768px\" \/><\/p>\n<p data-swp-font-size=\"16px\"><img decoding=\"async\" class=\"alignnone size-large wp-image-1356\" src=\"http:\/\/sit.skarzysko.pl\/wp-content\/uploads\/2025\/04\/04-scaled-1-1024x768.jpg\" alt=\"\" width=\"800\" height=\"600\" srcset=\"https:\/\/sit.skarzysko.pl\/wp-content\/uploads\/2025\/04\/04-scaled-1-1024x768.jpg 1024w, https:\/\/sit.skarzysko.pl\/wp-content\/uploads\/2025\/04\/04-scaled-1-300x225.jpg 300w, https:\/\/sit.skarzysko.pl\/wp-content\/uploads\/2025\/04\/04-scaled-1-768x576.jpg 768w, https:\/\/sit.skarzysko.pl\/wp-content\/uploads\/2025\/04\/04-scaled-1-1536x1152.jpg 1536w, https:\/\/sit.skarzysko.pl\/wp-content\/uploads\/2025\/04\/04-scaled-1-2048x1536.jpg 2048w\" sizes=\"(max-width: 800px) 100vw, 800px\" \/> <img decoding=\"async\" class=\"alignnone size-large wp-image-1357\" src=\"http:\/\/sit.skarzysko.pl\/wp-content\/uploads\/2025\/04\/05-768x576-1.jpg\" alt=\"\" width=\"768\" height=\"576\" srcset=\"https:\/\/sit.skarzysko.pl\/wp-content\/uploads\/2025\/04\/05-768x576-1.jpg 768w, https:\/\/sit.skarzysko.pl\/wp-content\/uploads\/2025\/04\/05-768x576-1-300x225.jpg 300w\" sizes=\"(max-width: 768px) 100vw, 768px\" \/><\/p>\n<p data-swp-font-size=\"16px\"><img loading=\"lazy\" decoding=\"async\" class=\"alignnone size-large wp-image-1358\" src=\"http:\/\/sit.skarzysko.pl\/wp-content\/uploads\/2025\/04\/06-scaled-1-1024x768.jpg\" alt=\"\" width=\"800\" height=\"600\" srcset=\"https:\/\/sit.skarzysko.pl\/wp-content\/uploads\/2025\/04\/06-scaled-1-1024x768.jpg 1024w, https:\/\/sit.skarzysko.pl\/wp-content\/uploads\/2025\/04\/06-scaled-1-300x225.jpg 300w, https:\/\/sit.skarzysko.pl\/wp-content\/uploads\/2025\/04\/06-scaled-1-768x576.jpg 768w, https:\/\/sit.skarzysko.pl\/wp-content\/uploads\/2025\/04\/06-scaled-1-1536x1152.jpg 1536w, https:\/\/sit.skarzysko.pl\/wp-content\/uploads\/2025\/04\/06-scaled-1-2048x1536.jpg 2048w\" sizes=\"(max-width: 800px) 100vw, 800px\" \/><\/p>\n<p data-swp-font-size=\"16px\">Tekst za: UM Skar\u017cysko-Kamienna.<\/p>\n","protected":false},"excerpt":{"rendered":"<p>Artyku\u0142 przeczytasz w 2 minuty. &nbsp; Przedsi\u0119biorcy ze Skar\u017cyska-Kamiennej b\u0119d\u0105 mogli bra\u0107 udzia\u0142 w bran\u017cowych wydarzeniach organizowanych przez Targi Kielce, wynajmuj\u0105c powierzchni\u0119 wystawiennicz\u0105 ze znaczn\u0105, bo 30-procentow\u0105 bonifikat\u0105. To efekt wsp\u00f3\u0142pracy pomi\u0119dzy Gmin\u0105 Skar\u017cysko-Kamienna a kieleckim o\u015brodkiem targowym. Wsp\u00f3\u0142praca zosta\u0142a przypiecz\u0119towana porozumieniem, kt\u00f3re 1 kwietnia uroczy\u015bcie podpisali: Prezydent Skar\u017cyska-Kamiennej Arkadiusz Bogucki, Prezes Zarz\u0105du Targi Kielce [&hellip;]<\/p>\n","protected":false},"author":3,"featured_media":1358,"comment_status":"closed","ping_status":"closed","sticky":false,"template":"","format":"standard","meta":{"footnotes":""},"categories":[10],"tags":[21,132,15],"class_list":["post-1354","post","type-post","status-publish","format-standard","has-post-thumbnail","hentry","category-aktualnosci","tag-msp","tag-targi-kielce","tag-wspolpraca"],"_links":{"self":[{"href":"https:\/\/sit.skarzysko.pl\/index.php\/wp-json\/wp\/v2\/posts\/1354"}],"collection":[{"href":"https:\/\/sit.skarzysko.pl\/index.php\/wp-json\/wp\/v2\/posts"}],"about":[{"href":"https:\/\/sit.skarzysko.pl\/index.php\/wp-json\/wp\/v2\/types\/post"}],"author":[{"embeddable":true,"href":"https:\/\/sit.skarzysko.pl\/index.php\/wp-json\/wp\/v2\/users\/3"}],"replies":[{"embeddable":true,"href":"https:\/\/sit.skarzysko.pl\/index.php\/wp-json\/wp\/v2\/comments?post=1354"}],"version-history":[{"count":4,"href":"https:\/\/sit.skarzysko.pl\/index.php\/wp-json\/wp\/v2\/posts\/1354\/revisions"}],"predecessor-version":[{"id":1366,"href":"https:\/\/sit.skarzysko.pl\/index.php\/wp-json\/wp\/v2\/posts\/1354\/revisions\/1366"}],"wp:featuredmedia":[{"embeddable":true,"href":"https:\/\/sit.skarzysko.pl\/index.php\/wp-json\/wp\/v2\/media\/1358"}],"wp:attachment":[{"href":"https:\/\/sit.skarzysko.pl\/index.php\/wp-json\/wp\/v2\/media?parent=1354"}],"wp:term":[{"taxonomy":"category","embeddable":true,"href":"https:\/\/sit.skarzysko.pl\/index.php\/wp-json\/wp\/v2\/categories?post=1354"},{"taxonomy":"post_tag","embeddable":true,"href":"https:\/\/sit.skarzysko.pl\/index.php\/wp-json\/wp\/v2\/tags?post=1354"}],"curies":[{"name":"wp","href":"https:\/\/api.w.org\/{rel}","templated":true}]}}