{"id":1337,"date":"2025-03-06T12:00:58","date_gmt":"2025-03-06T11:00:58","guid":{"rendered":"https:\/\/sit.skarzysko.pl\/?p=1337"},"modified":"2025-03-06T12:09:27","modified_gmt":"2025-03-06T11:09:27","slug":"zaproszenie-do-udzialu-w-spotkaniu-z-zastepca-rzecznika-msp-20-03-starachowice","status":"publish","type":"post","link":"https:\/\/sit.skarzysko.pl\/index.php\/2025\/03\/06\/zaproszenie-do-udzialu-w-spotkaniu-z-zastepca-rzecznika-msp-20-03-starachowice\/","title":{"rendered":"&#8222;Tr\u00f3jmiasto nad Kamienn\u0105&#8221;: Zaproszenie do udzia\u0142u w spotkaniu z Zast\u0119pc\u0105 Rzecznika M\u015aP &#8211; 20.03 Starachowice"},"content":{"rendered":"<p>Artyku\u0142 przeczytasz w 1 minut\u0119.<\/p>\n<p><strong>Prezydent Miasta Skar\u017cysko-Kamienna Arkadiusz Bogucki wraz z Prezydentami: Starachowic \u2013 Markiem Materkiem oraz Ostrowca \u015awi\u0119tokrzyskiego &#8211; Arturem \u0141akomcem zapraszaj\u0105 przedsi\u0119biorc\u00f3w do udzia\u0142u w \u015bniadaniu biznesowym, organizowanym w ramach wsp\u00f3\u0142pracy \u201eTr\u00f3jmiasta nad Kamienn\u0105\u201d. Wydarzenie odb\u0119dzie si\u0119 20 marca o godz. 10.00 w Centrum Kreatywno\u015bci \u201ePa\u0142acyk\u201d w Starachowicach.<\/strong><\/p>\n<p>Go\u015bciem specjalnym spotkania b\u0119dzie Zast\u0119pca Rzecznika M\u015aP dr Mariusz Filipek, kt\u00f3ry poruszy temat deregulacji prawa dla przedsi\u0119biorc\u00f3w. Po wyk\u0142adzie b\u0119dzie mo\u017cliwo\u015b\u0107 zadawania pyta\u0144 i rozmowy z go\u015bciem podczas sesji Q&amp;A. Na pierwsz\u0105 cz\u0119\u015b\u0107 wydarzenia zapraszamy wszystkich zainteresowanych tematem deregulacji prawa przedsi\u0119biorc\u00f3w.<\/p>\n<p>W trakcie drugiej cz\u0119\u015bci spotkania odb\u0119dzie si\u0119 sieciowanie bran\u017c. Preferowane b\u0119d\u0105 bran\u017ce: budowlana, metalowo-odlewnicza, przemys\u0142 obr\u00f3bczy oraz automotive.<\/p>\n<p>Przedsi\u0119biorc\u00f3w zainteresowanych sieciowaniem prosimy o potwierdzenie udzia\u0142u pod numerem telefonu 41\u00a025 20 151 lub na adres mailowy: <a href=\"mailto:a.solecka@um.skarzysko.pl\">a.solecka@um.skarzysko.pl<\/a><br \/>\nw terminie do 17 marca.<\/p>\n<p>Organizacja Regionalnych Misji Gospodarczych to odpowied\u017a na przeprowadzone badania ankietowe, kt\u00f3re zosta\u0142y skierowane do lokalnych przedsi\u0119biorc\u00f3w pod koniec 2024 roku.<br \/>\nW styczniu zosta\u0142 podpisany list intencyjny na rzecz rozwoju gospodarczego miast nad Kamienn\u0105, o kt\u00f3rym mo\u017cna przeczyta\u0107 tutaj: <a href=\"https:\/\/um.skarzysko.pl\/aktualnosci\/trojmiasto-nad-kamienna-laczy-sily-dla-przedsiebiorcow\/\">Tr\u00f3jmiasto nad Kamienn\u0105 \u0142\u0105czy si\u0142y dla przedsi\u0119biorc\u00f3w | Urz\u0105d Miasta Skar\u017cysko-Kamienna | miasto na szlaku<\/a><\/p>\n<p><img fetchpriority=\"high\" decoding=\"async\" class=\"size-large wp-image-1338 aligncenter\" src=\"http:\/\/sit.skarzysko.pl\/wp-content\/uploads\/2025\/03\/Plakat-spotkania-20.03-724x1024.jpg\" alt=\"\" width=\"724\" height=\"1024\" srcset=\"https:\/\/sit.skarzysko.pl\/wp-content\/uploads\/2025\/03\/Plakat-spotkania-20.03-724x1024.jpg 724w, https:\/\/sit.skarzysko.pl\/wp-content\/uploads\/2025\/03\/Plakat-spotkania-20.03-212x300.jpg 212w, https:\/\/sit.skarzysko.pl\/wp-content\/uploads\/2025\/03\/Plakat-spotkania-20.03-768x1086.jpg 768w, https:\/\/sit.skarzysko.pl\/wp-content\/uploads\/2025\/03\/Plakat-spotkania-20.03-1086x1536.jpg 1086w, https:\/\/sit.skarzysko.pl\/wp-content\/uploads\/2025\/03\/Plakat-spotkania-20.03-1448x2048.jpg 1448w, https:\/\/sit.skarzysko.pl\/wp-content\/uploads\/2025\/03\/Plakat-spotkania-20.03-scaled.jpg 1810w\" sizes=\"(max-width: 724px) 100vw, 724px\" \/><\/p>\n","protected":false},"excerpt":{"rendered":"<p>Artyku\u0142 przeczytasz w 1 minut\u0119. Prezydent Miasta Skar\u017cysko-Kamienna Arkadiusz Bogucki wraz z Prezydentami: Starachowic \u2013 Markiem Materkiem oraz Ostrowca \u015awi\u0119tokrzyskiego &#8211; Arturem \u0141akomcem zapraszaj\u0105 przedsi\u0119biorc\u00f3w do udzia\u0142u w \u015bniadaniu biznesowym, organizowanym w ramach wsp\u00f3\u0142pracy \u201eTr\u00f3jmiasta nad Kamienn\u0105\u201d. Wydarzenie odb\u0119dzie si\u0119 20 marca o godz. 10.00 w Centrum Kreatywno\u015bci \u201ePa\u0142acyk\u201d w Starachowicach. Go\u015bciem specjalnym spotkania b\u0119dzie [&hellip;]<\/p>\n","protected":false},"author":3,"featured_media":1338,"comment_status":"closed","ping_status":"closed","sticky":false,"template":"","format":"standard","meta":{"footnotes":""},"categories":[10],"tags":[162,161,60,163,159,160],"class_list":["post-1337","post","type-post","status-publish","format-standard","has-post-thumbnail","hentry","category-aktualnosci","tag-ostrowiec-swietokrzyski","tag-sieciowanie","tag-spotkanie","tag-starachowice","tag-trojmiasto","tag-um-skarzysko-kamienna"],"_links":{"self":[{"href":"https:\/\/sit.skarzysko.pl\/index.php\/wp-json\/wp\/v2\/posts\/1337"}],"collection":[{"href":"https:\/\/sit.skarzysko.pl\/index.php\/wp-json\/wp\/v2\/posts"}],"about":[{"href":"https:\/\/sit.skarzysko.pl\/index.php\/wp-json\/wp\/v2\/types\/post"}],"author":[{"embeddable":true,"href":"https:\/\/sit.skarzysko.pl\/index.php\/wp-json\/wp\/v2\/users\/3"}],"replies":[{"embeddable":true,"href":"https:\/\/sit.skarzysko.pl\/index.php\/wp-json\/wp\/v2\/comments?post=1337"}],"version-history":[{"count":2,"href":"https:\/\/sit.skarzysko.pl\/index.php\/wp-json\/wp\/v2\/posts\/1337\/revisions"}],"predecessor-version":[{"id":1340,"href":"https:\/\/sit.skarzysko.pl\/index.php\/wp-json\/wp\/v2\/posts\/1337\/revisions\/1340"}],"wp:featuredmedia":[{"embeddable":true,"href":"https:\/\/sit.skarzysko.pl\/index.php\/wp-json\/wp\/v2\/media\/1338"}],"wp:attachment":[{"href":"https:\/\/sit.skarzysko.pl\/index.php\/wp-json\/wp\/v2\/media?parent=1337"}],"wp:term":[{"taxonomy":"category","embeddable":true,"href":"https:\/\/sit.skarzysko.pl\/index.php\/wp-json\/wp\/v2\/categories?post=1337"},{"taxonomy":"post_tag","embeddable":true,"href":"https:\/\/sit.skarzysko.pl\/index.php\/wp-json\/wp\/v2\/tags?post=1337"}],"curies":[{"name":"wp","href":"https:\/\/api.w.org\/{rel}","templated":true}]}}