{"id":1316,"date":"2025-02-27T09:28:12","date_gmt":"2025-02-27T08:28:12","guid":{"rendered":"https:\/\/sit.skarzysko.pl\/?p=1316"},"modified":"2025-03-04T10:37:31","modified_gmt":"2025-03-04T09:37:31","slug":"relacja-ze-spotkania-dla-przedsiebiorcow","status":"publish","type":"post","link":"https:\/\/sit.skarzysko.pl\/index.php\/2025\/02\/27\/relacja-ze-spotkania-dla-przedsiebiorcow\/","title":{"rendered":"Relacja ze spotkania sieciuj\u0105cego dla przedsi\u0119biorc\u00f3w, NGO i administracji samorz\u0105dowej"},"content":{"rendered":"<p>Artyku\u0142 przeczytasz w mniej ni\u017c 1 minut\u0119.<\/p>\n<p><strong>W \u015brod\u0119 26 lutego odby\u0142o si\u0119 pierwsze z cyklu spotkanie sieciuj\u0105ce, kt\u00f3rego Organizatorem by\u0142 \u015awi\u0119tokrzyski Zwi\u0105zek Przedsi\u0119biorc\u00f3w i Pracodawc\u00f3w. Spotkanie dedykowane by\u0142o administracji samorz\u0105dowej, przedsi\u0119biorcom oraz organizacjom pozarz\u0105dowym. G\u0142\u00f3wnym tematem by\u0142o pozyskiwanie \u015brodk\u00f3w na rozw\u00f3j dzia\u0142alno\u015bci.\u00a0<\/strong><\/p>\n<p>Szczeg\u00f3\u0142y w materiale video.<\/p>\n<p>&nbsp;<\/p>\n<style>.rsp-cont{position:relative;display:block;width:100%;padding:0;overflow:hidden;box-sizing:border-box}.rsp-cont::before{display:block;padding-top:56.25%;box-sizing:border-box;content:''}.rsp-ifrm{position:absolute;top:0;bottom:0;left:0;width:100%;height:100%;border:0;box-sizing:border-box}.rsp-cont.noposter::before{padding-top:112px}<\/style>\n<div class=\"rsp-cont \"><iframe id=\"embed-1866\" class=\"rsp-ifrm\" title=\"\" src=\"https:\/\/www.tvswietokrzyska.pl\/player\/embed\/de86b39d042814d9558a0779ae96d870d264bbfb\" frameborder=\"0\" allowfullscreen=\"allowfullscreen\"><\/iframe><\/div>\n","protected":false},"excerpt":{"rendered":"<p>Artyku\u0142 przeczytasz w mniej ni\u017c 1 minut\u0119. W \u015brod\u0119 26 lutego odby\u0142o si\u0119 pierwsze z cyklu spotkanie sieciuj\u0105ce, kt\u00f3rego Organizatorem by\u0142 \u015awi\u0119tokrzyski Zwi\u0105zek Przedsi\u0119biorc\u00f3w i Pracodawc\u00f3w. Spotkanie dedykowane by\u0142o administracji samorz\u0105dowej, przedsi\u0119biorcom oraz organizacjom pozarz\u0105dowym. G\u0142\u00f3wnym tematem by\u0142o pozyskiwanie \u015brodk\u00f3w na rozw\u00f3j dzia\u0142alno\u015bci.\u00a0 Szczeg\u00f3\u0142y w materiale video. &nbsp;<\/p>\n","protected":false},"author":3,"featured_media":0,"comment_status":"closed","ping_status":"closed","sticky":false,"template":"","format":"standard","meta":{"footnotes":""},"categories":[10],"tags":[158,82,20,21,22,145,34,155,156,157],"class_list":["post-1316","post","type-post","status-publish","format-standard","hentry","category-aktualnosci","tag-arp","tag-bgk","tag-fe","tag-msp","tag-przedsiebiorca","tag-rozwoj","tag-stowarzyszenie-przedsiebiorcow-powiatu-skarzyskiego","tag-szpp","tag-um-skarzysko","tag-wiedza"],"_links":{"self":[{"href":"https:\/\/sit.skarzysko.pl\/index.php\/wp-json\/wp\/v2\/posts\/1316"}],"collection":[{"href":"https:\/\/sit.skarzysko.pl\/index.php\/wp-json\/wp\/v2\/posts"}],"about":[{"href":"https:\/\/sit.skarzysko.pl\/index.php\/wp-json\/wp\/v2\/types\/post"}],"author":[{"embeddable":true,"href":"https:\/\/sit.skarzysko.pl\/index.php\/wp-json\/wp\/v2\/users\/3"}],"replies":[{"embeddable":true,"href":"https:\/\/sit.skarzysko.pl\/index.php\/wp-json\/wp\/v2\/comments?post=1316"}],"version-history":[{"count":4,"href":"https:\/\/sit.skarzysko.pl\/index.php\/wp-json\/wp\/v2\/posts\/1316\/revisions"}],"predecessor-version":[{"id":1321,"href":"https:\/\/sit.skarzysko.pl\/index.php\/wp-json\/wp\/v2\/posts\/1316\/revisions\/1321"}],"wp:attachment":[{"href":"https:\/\/sit.skarzysko.pl\/index.php\/wp-json\/wp\/v2\/media?parent=1316"}],"wp:term":[{"taxonomy":"category","embeddable":true,"href":"https:\/\/sit.skarzysko.pl\/index.php\/wp-json\/wp\/v2\/categories?post=1316"},{"taxonomy":"post_tag","embeddable":true,"href":"https:\/\/sit.skarzysko.pl\/index.php\/wp-json\/wp\/v2\/tags?post=1316"}],"curies":[{"name":"wp","href":"https:\/\/api.w.org\/{rel}","templated":true}]}}