{"id":1249,"date":"2024-10-07T13:01:22","date_gmt":"2024-10-07T11:01:22","guid":{"rendered":"https:\/\/sit.skarzysko.pl\/?p=1249"},"modified":"2024-10-07T13:01:22","modified_gmt":"2024-10-07T11:01:22","slug":"przedsiebiorco-skorzystaj-ze-znizki-na-powierzchnie-w-targach-kielce-s-a","status":"publish","type":"post","link":"https:\/\/sit.skarzysko.pl\/index.php\/2024\/10\/07\/przedsiebiorco-skorzystaj-ze-znizki-na-powierzchnie-w-targach-kielce-s-a\/","title":{"rendered":"Przedsi\u0119biorco ! Skorzystaj ze zni\u017cki na powierzchni\u0119 w Targach Kielce S.A."},"content":{"rendered":"<p>Artyku\u0142 przeczytasz w mniej ni\u017c 1 minut\u0119.<\/p>\n<p>Przypominamy o obowi\u0105zuj\u0105cej zni\u017cce dla przedsi\u0119biorc\u00f3w z terenu powiatu skar\u017cyskiego na powierzchni\u0119 wystawiennicz\u0105 w Targach Kielce S.A.<\/p>\n<p>Przedsi\u0119biorcy, kt\u00f3rzy zg\u0142osz\u0105 do Centrum Obs\u0142ugi Inwestora w Skar\u017cysku-Kamiennej ch\u0119\u0107 udzia\u0142u w wybranym wydarzeniu wystawienniczym w Targach Kielce mog\u0105 liczy\u0107 na bonifikat\u0119 w wysoko\u015bci <strong>do 30 %\u00a0<\/strong>wzgl\u0119dem ceny regularnej za m2 powierzchni. Zach\u0119camy przedsi\u0119biorc\u00f3w do kontaktu z COI po weryfikacji dost\u0119pno\u015bci powierzchni w Targach Kielce.<\/p>\n<p>Ulga dla przedsi\u0119biorc\u00f3w jest efektem podpisanego w 2019 roku porozumienia mi\u0119dzy Targami Kielce S.A. a Gmin\u0105 Skar\u017cysko-Kamienn\u0105 reprezentowan\u0105 przez Centrum Obs\u0142ugi Inwestora w Skar\u017cysku-Kamiennej.<\/p>\n<p>Targi Kielce to drugi o\u015brodek wystawienniczy Europy \u015arodkowo-Wschodniej i organizator ponad 75 wydarze\u0144 targowych rocznie, w wi\u0119kszo\u015bci o zasi\u0119gu mi\u0119dzynarodowym. Dotycz\u0105 r\u00f3\u017cnorodnych ga\u0142\u0119zi gospodarki: rolnictwa (Agrotech), przemys\u0142u ci\u0119\u017ckiego (Stom), bran\u017cy dzieci\u0119cej (Kid`s Time), przetw\u00f3rstwa tworzyw sztucznych (Plastpol) czy dynamicznie rozwijaj\u0105cego si\u0119 druku 3D i wielu innych. S\u0105 w\u015br\u00f3d nich wydarzenia najwi\u0119ksze w Polsce, licz\u0105ce si\u0119 na europejskim i \u015bwiatowym rynku.<\/p>\n<p>&nbsp;<\/p>\n","protected":false},"excerpt":{"rendered":"<p>Artyku\u0142 przeczytasz w mniej ni\u017c 1 minut\u0119. Przypominamy o obowi\u0105zuj\u0105cej zni\u017cce dla przedsi\u0119biorc\u00f3w z terenu powiatu skar\u017cyskiego na powierzchni\u0119 wystawiennicz\u0105 w Targach Kielce S.A. Przedsi\u0119biorcy, kt\u00f3rzy zg\u0142osz\u0105 do Centrum Obs\u0142ugi Inwestora w Skar\u017cysku-Kamiennej ch\u0119\u0107 udzia\u0142u w wybranym wydarzeniu wystawienniczym w Targach Kielce mog\u0105 liczy\u0107 na bonifikat\u0119 w wysoko\u015bci do 30 %\u00a0wzgl\u0119dem ceny regularnej za m2 [&hellip;]<\/p>\n","protected":false},"author":3,"featured_media":0,"comment_status":"closed","ping_status":"closed","sticky":false,"template":"","format":"standard","meta":{"footnotes":""},"categories":[10],"tags":[129,21,93,147,132,15,148,146],"class_list":["post-1249","post","type-post","status-publish","format-standard","hentry","category-aktualnosci","tag-coi","tag-msp","tag-promocja","tag-skarzysko-kamienna","tag-targi-kielce","tag-wspolpraca","tag-wystawa","tag-znizka"],"_links":{"self":[{"href":"https:\/\/sit.skarzysko.pl\/index.php\/wp-json\/wp\/v2\/posts\/1249"}],"collection":[{"href":"https:\/\/sit.skarzysko.pl\/index.php\/wp-json\/wp\/v2\/posts"}],"about":[{"href":"https:\/\/sit.skarzysko.pl\/index.php\/wp-json\/wp\/v2\/types\/post"}],"author":[{"embeddable":true,"href":"https:\/\/sit.skarzysko.pl\/index.php\/wp-json\/wp\/v2\/users\/3"}],"replies":[{"embeddable":true,"href":"https:\/\/sit.skarzysko.pl\/index.php\/wp-json\/wp\/v2\/comments?post=1249"}],"version-history":[{"count":1,"href":"https:\/\/sit.skarzysko.pl\/index.php\/wp-json\/wp\/v2\/posts\/1249\/revisions"}],"predecessor-version":[{"id":1250,"href":"https:\/\/sit.skarzysko.pl\/index.php\/wp-json\/wp\/v2\/posts\/1249\/revisions\/1250"}],"wp:attachment":[{"href":"https:\/\/sit.skarzysko.pl\/index.php\/wp-json\/wp\/v2\/media?parent=1249"}],"wp:term":[{"taxonomy":"category","embeddable":true,"href":"https:\/\/sit.skarzysko.pl\/index.php\/wp-json\/wp\/v2\/categories?post=1249"},{"taxonomy":"post_tag","embeddable":true,"href":"https:\/\/sit.skarzysko.pl\/index.php\/wp-json\/wp\/v2\/tags?post=1249"}],"curies":[{"name":"wp","href":"https:\/\/api.w.org\/{rel}","templated":true}]}}