{"id":1115,"date":"2024-05-17T08:00:54","date_gmt":"2024-05-17T06:00:54","guid":{"rendered":"https:\/\/sit.skarzysko.pl\/?p=1115"},"modified":"2024-05-16T09:54:07","modified_gmt":"2024-05-16T07:54:07","slug":"dostepnosc-szansa-na-rozwoj-3-nabor-dla-msp-w-ramach-parp","status":"publish","type":"post","link":"https:\/\/sit.skarzysko.pl\/index.php\/2024\/05\/17\/dostepnosc-szansa-na-rozwoj-3-nabor-dla-msp-w-ramach-parp\/","title":{"rendered":"&#8222;Dost\u0119pno\u015b\u0107 szans\u0105 na rozw\u00f3j 3&#8221; &#8211; nab\u00f3r dla M\u015aP w ramach PARP"},"content":{"rendered":"<p>Artyku\u0142 przeczytasz w 1 minut\u0119.<\/p>\n<p>Polska Agencja Rozwoju Przedsi\u0119biorczo\u015bci informuje o naborze &#8222;Dost\u0119pno\u015b\u0107 szans\u0105 na rozw\u00f3j 3&#8221;.<\/p>\n<p>Celem naboru jest wzrost \u015bwiadomo\u015bci w\u015br\u00f3d przedsi\u0119biorc\u00f3w, pracownic lub pracownik\u00f3w w zakresie dost\u0119pno\u015bci.<\/p>\n<p>Celem konkursu jest wyb\u00f3r i dofinansowanie projekt\u00f3w, kt\u00f3rych realizacja przyczyni si\u0119 do wzrostu \u015bwiadomo\u015bci w\u015br\u00f3d przedsi\u0119biorc\u00f3w, pracownic lub pracownik\u00f3w w zakresie dost\u0119pno\u015bci, w tym uniwersalnego projektowania powszechnie u\u017cywanych produkt\u00f3w i us\u0142ug zaspokajaj\u0105cych szczeg\u00f3lne potrzeby os\u00f3b ze szczeg\u00f3lnymi potrzebami, w tym os\u00f3b z niepe\u0142nosprawno\u015bciami. Wsparcie wynosi 100 %.<\/p>\n<div class=\"mb-3 col-md-9 mb-3 mb-md-0\">\n<p><strong>Beneficjent mo\u017ce otrzyma\u0107 dofinansowanie na realizacj\u0119 kilku etap\u00f3w projektu:<\/strong><\/p>\n<ul class=\"red-diamond-list\">\n<li>Rekrutacji do projektu pracownic lub pracownik\u00f3w, przedsi\u0119biorstw oraz przedsi\u0119biorstw (w przypadku realizacji 2 Wariantu projektu \u015bcie\u017cka 2), w celu u\u015bwiadomienia kwestii dost\u0119pno\u015bci, w tym zasad uniwersalnego projektowania, a\u00a0tak\u017ce weryfikacji dokument\u00f3w koniecznych do udzielenia wsparcia zgodnie z przepisami o\u00a0pomocy de minimis i\u00a0zasadami naboru.<\/li>\n<li>Organizacji i realizacji szkole\u0144 w zakresie dost\u0119pno\u015bci, w tym zasad uniwersalnego projektowania oraz korzy\u015bci z nich p\u0142yn\u0105cych.<\/li>\n<li>Organizacji i realizacji doradztwa bezpo\u015brednio zwi\u0105zanego z dzia\u0142aniami szkoleniowymi.<\/li>\n<li>Organizacji i realizacji doradztwa niezwi\u0105zanego z dzia\u0142aniami szkoleniowymi (w\u00a0przypadku realizacji 2 Wariantu projektu \u015bcie\u017cka 2).<\/li>\n<\/ul>\n<\/div>\n<p>Nab\u00f3r potrwa do 24 czerwca.<\/p>\n<p>Szczeg\u00f3\u0142owe informacje dot. naboru dost\u0119pne s\u0105\u00a0<a href=\"https:\/\/www.parp.gov.pl\/component\/grants\/grants\/dostepnosc-szansa-na-rozwoj-3\">TUTAJ&gt;&gt;<\/a><\/p>\n","protected":false},"excerpt":{"rendered":"<p>Artyku\u0142 przeczytasz w 1 minut\u0119. Polska Agencja Rozwoju Przedsi\u0119biorczo\u015bci informuje o naborze &#8222;Dost\u0119pno\u015b\u0107 szans\u0105 na rozw\u00f3j 3&#8221;. Celem naboru jest wzrost \u015bwiadomo\u015bci w\u015br\u00f3d przedsi\u0119biorc\u00f3w, pracownic lub pracownik\u00f3w w zakresie dost\u0119pno\u015bci. Celem konkursu jest wyb\u00f3r i dofinansowanie projekt\u00f3w, kt\u00f3rych realizacja przyczyni si\u0119 do wzrostu \u015bwiadomo\u015bci w\u015br\u00f3d przedsi\u0119biorc\u00f3w, pracownic lub pracownik\u00f3w w zakresie dost\u0119pno\u015bci, w tym uniwersalnego [&hellip;]<\/p>\n","protected":false},"author":3,"featured_media":0,"comment_status":"closed","ping_status":"closed","sticky":false,"template":"","format":"standard","meta":{"footnotes":""},"categories":[10],"tags":[107,105,21,106,18,30],"class_list":["post-1115","post","type-post","status-publish","format-standard","hentry","category-aktualnosci","tag-de-minimis","tag-dostepnosc","tag-msp","tag-nabo","tag-parp","tag-wsparcie"],"_links":{"self":[{"href":"https:\/\/sit.skarzysko.pl\/index.php\/wp-json\/wp\/v2\/posts\/1115"}],"collection":[{"href":"https:\/\/sit.skarzysko.pl\/index.php\/wp-json\/wp\/v2\/posts"}],"about":[{"href":"https:\/\/sit.skarzysko.pl\/index.php\/wp-json\/wp\/v2\/types\/post"}],"author":[{"embeddable":true,"href":"https:\/\/sit.skarzysko.pl\/index.php\/wp-json\/wp\/v2\/users\/3"}],"replies":[{"embeddable":true,"href":"https:\/\/sit.skarzysko.pl\/index.php\/wp-json\/wp\/v2\/comments?post=1115"}],"version-history":[{"count":2,"href":"https:\/\/sit.skarzysko.pl\/index.php\/wp-json\/wp\/v2\/posts\/1115\/revisions"}],"predecessor-version":[{"id":1117,"href":"https:\/\/sit.skarzysko.pl\/index.php\/wp-json\/wp\/v2\/posts\/1115\/revisions\/1117"}],"wp:attachment":[{"href":"https:\/\/sit.skarzysko.pl\/index.php\/wp-json\/wp\/v2\/media?parent=1115"}],"wp:term":[{"taxonomy":"category","embeddable":true,"href":"https:\/\/sit.skarzysko.pl\/index.php\/wp-json\/wp\/v2\/categories?post=1115"},{"taxonomy":"post_tag","embeddable":true,"href":"https:\/\/sit.skarzysko.pl\/index.php\/wp-json\/wp\/v2\/tags?post=1115"}],"curies":[{"name":"wp","href":"https:\/\/api.w.org\/{rel}","templated":true}]}}